{"id":1249,"date":"2015-03-18T11:05:01","date_gmt":"2015-03-18T10:05:01","guid":{"rendered":"http:\/\/www.agriturismocoppirossi.com\/?p=1249"},"modified":"2015-03-18T11:03:06","modified_gmt":"2015-03-18T10:03:06","slug":"il-giro-ditalia-inizia-la-sua-corsa-a-poche-pedalate-da-qua","status":"publish","type":"post","link":"https:\/\/www.agriturismocoppirossi.com\/?p=1249","title":{"rendered":"Il Giro d&#8217;Italia inizia la sua corsa a poche pedalate da qua"},"content":{"rendered":"<p>Ci siamo quasi. Tra meno di 2 mesi una nuova edizione della corsa in rosa inizier\u00e0 il suo viaggio lungo pianure e montagne della penisola italica.\u00a0Ma quest&#8217;anno il via sar\u00e0 dato a pochissimi chilometri da qui!<\/p>\n<p>La prima tappa, una crono a squadre, si correr\u00e0 il 9 maggio tra san Lorenzo al Mare (5 km da qui) e Sanremo, sulla pista ciclabile, fiore all&#8217;occhiello della provincia di Imperia.<\/p>\n<p>La corsa dei Santi, potremmo chiamarla: da San Lorenzo al mare a San Remo, attraversando Santo Stefano al mare, in un&#8217;ideale processione di confraternite pedalatorie che segna l&#8217;inizio dell&#8217;annuale liturgia\u00a0delle grandi corse a tappe.<\/p>\n<p>Cos\u00ec, su oltre 17 km di pista pianeggiante, a strapiombo sul santuario dei cetacei, con la costa monegasca che fa capolino, in lontananza, nella leggera foschia pomeridiana, 22 squadre si contenderanno il titolo di primo vincitore del Giro d&#8217;Italia 2015.<\/p>\n<p>Ma non finir\u00e0 qui: la seconda tappa partir\u00e0 da Albenga, torner\u00e0 verso la provincia di Imperia e da Andora attaccher\u00e0 la salita di Testico prima di tornare verso Genova.<\/p>\n<p>Quindi occasionissima per vedere da vicino per ben 2 volte campioni e gregari sfidarsi sulle strade di Liguria.<\/p>\n<p>E se, finita la gara, ci facessimo una birretta nel patio? Metti la tua bici al sicuro da noi e trascorriamo la serata a raccontarci le emozioni della giornata.<\/p>\n","protected":false},"excerpt":{"rendered":"<p>Ci siamo quasi. Tra meno di 2 mesi una nuova edizione della corsa in rosa inizier\u00e0 il suo viaggio lungo pianure e montagne della penisola italica.\u00a0Ma quest&#8217;anno il via sar\u00e0 dato a pochissimi chilometri da qui! La prima tappa, una crono a squadre, si correr\u00e0 il 9 maggio tra san Lorenzo al Mare (5 km [&hellip;]<\/p>\n","protected":false},"author":1,"featured_media":0,"comment_status":"closed","ping_status":"open","sticky":false,"template":"","format":"standard","meta":{"footnotes":""},"categories":[158,40],"tags":[159,182,163],"class_list":["post-1249","post","type-post","status-publish","format-standard","hentry","category-eventi","category-luoghi","tag-ciclismo","tag-liguria","tag-sport"],"_links":{"self":[{"href":"https:\/\/www.agriturismocoppirossi.com\/index.php?rest_route=\/wp\/v2\/posts\/1249","targetHints":{"allow":["GET"]}}],"collection":[{"href":"https:\/\/www.agriturismocoppirossi.com\/index.php?rest_route=\/wp\/v2\/posts"}],"about":[{"href":"https:\/\/www.agriturismocoppirossi.com\/index.php?rest_route=\/wp\/v2\/types\/post"}],"author":[{"embeddable":true,"href":"https:\/\/www.agriturismocoppirossi.com\/index.php?rest_route=\/wp\/v2\/users\/1"}],"replies":[{"embeddable":true,"href":"https:\/\/www.agriturismocoppirossi.com\/index.php?rest_route=%2Fwp%2Fv2%2Fcomments&post=1249"}],"version-history":[{"count":1,"href":"https:\/\/www.agriturismocoppirossi.com\/index.php?rest_route=\/wp\/v2\/posts\/1249\/revisions"}],"predecessor-version":[{"id":1250,"href":"https:\/\/www.agriturismocoppirossi.com\/index.php?rest_route=\/wp\/v2\/posts\/1249\/revisions\/1250"}],"wp:attachment":[{"href":"https:\/\/www.agriturismocoppirossi.com\/index.php?rest_route=%2Fwp%2Fv2%2Fmedia&parent=1249"}],"wp:term":[{"taxonomy":"category","embeddable":true,"href":"https:\/\/www.agriturismocoppirossi.com\/index.php?rest_route=%2Fwp%2Fv2%2Fcategories&post=1249"},{"taxonomy":"post_tag","embeddable":true,"href":"https:\/\/www.agriturismocoppirossi.com\/index.php?rest_route=%2Fwp%2Fv2%2Ftags&post=1249"}],"curies":[{"name":"wp","href":"https:\/\/api.w.org\/{rel}","templated":true}]}}